{"id":8187,"date":"2021-10-07T10:50:08","date_gmt":"2021-10-07T14:50:08","guid":{"rendered":"https:\/\/www.crto.on.ca\/?p=8187"},"modified":"2021-10-07T11:19:44","modified_gmt":"2021-10-07T15:19:44","slug":"national-day-for-truth-and-reconciliation","status":"publish","type":"post","link":"https:\/\/www.crto.on.ca\/fr\/uncategorized\/national-day-for-truth-and-reconciliation\/","title":{"rendered":"National Day for Truth and Reconciliation"},"content":{"rendered":"<p>This past week, the CRTO staff and Council Members participated in Indigenous Corporate training, ahead of the National Day for Truth and Reconciliation.<\/p>\r\n<p>This interactive presentation provided a safe space to learn and dialogue, as we listened to our speaker tell truths and history from his past, and those of the 605 First Nations, M\u00e9tis, and Inuit communities across Canada.\u00a0<\/p>\r\n<p>We gained further insight on inclusion, and respectful language as we added to our knowledge of their legacy, and the social injustices that faced, and still face, the Indigenous community.\u00a0\u00a0While learning about treaties, the residential school systems and cultures, we discussed change, while we reflected on our own actions, abilities, and contributions to solutions.\u00a0<\/p>\r\n<p>As health care professionals, this type of education is just one way to begin to understand the vast variety of historical and cultural layers that may impact our patients and their families.\u00a0\u00a0<\/p>\r\n<p>For more information and support, please visit: <a href=\"https:\/\/nctr.ca\/about\/history-of-the-trc\/trc-website\/\">TRC Website &#8211; NCTR<\/a><\/p>\r\n<p style=\"text-align: center;\"><em>The offices of the College of Respiratory Therapists are located on Treaty 13 territory, <\/em><\/p>\r\n<p style=\"text-align: center;\"><em>the traditional lands of the Anishinaabe, Haudenosaunee, Huron-wendat and Mississaugas of the New Credit.<\/em><\/p>","protected":false},"excerpt":{"rendered":"<p>This past week, the CRTO staff and Council Members participated in Indigenous Corporate training, ahead of the National Day for Truth and Reconciliation. This interactive presentation provided a safe space to learn and dialogue, as we listened to our speaker tell truths and history from his past, and those of the 605 First Nations, M\u00e9tis, [&hellip;]<\/p>\n","protected":false},"author":12,"featured_media":0,"comment_status":"closed","ping_status":"closed","sticky":false,"template":"","format":"standard","meta":{"footnotes":""},"categories":[16,15,26,1],"tags":[],"class_list":["post-8187","post","type-post","status-publish","format-standard","hentry","category-members-blog","category-public-blog","category-students-blog","category-uncategorized"],"yoast_head":"<!-- This site is optimized with the Yoast SEO plugin v27.4 - https:\/\/yoast.com\/product\/yoast-seo-wordpress\/ -->\n<title>National Day for Truth and Reconciliation - CRTO<\/title>\n<meta name=\"robots\" content=\"index, follow, max-snippet:-1, max-image-preview:large, max-video-preview:-1\" \/>\n<link rel=\"canonical\" href=\"https:\/\/www.crto.on.ca\/uncategorized\/national-day-for-truth-and-reconciliation\/\" \/>\n<meta name=\"twitter:label1\" content=\"\u00c9crit par\" \/>\n\t<meta name=\"twitter:data1\" content=\"Kelly Arndt\" \/>\n\t<meta name=\"twitter:label2\" content=\"Dur\u00e9e de lecture estim\u00e9e\" \/>\n\t<meta name=\"twitter:data2\" content=\"1 minute\" \/>\n<script type=\"application\/ld+json\" class=\"yoast-schema-graph\">{\"@context\":\"https:\\\/\\\/schema.org\",\"@graph\":[{\"@type\":\"Article\",\"@id\":\"https:\\\/\\\/www.crto.on.ca\\\/uncategorized\\\/national-day-for-truth-and-reconciliation\\\/#article\",\"isPartOf\":{\"@id\":\"https:\\\/\\\/www.crto.on.ca\\\/uncategorized\\\/national-day-for-truth-and-reconciliation\\\/\"},\"author\":{\"name\":\"Kelly Arndt\",\"@id\":\"https:\\\/\\\/www.crto.on.ca\\\/#\\\/schema\\\/person\\\/dc3237eb17d5a5bafbafe74ead25d175\"},\"headline\":\"National Day for Truth and Reconciliation\",\"datePublished\":\"2021-10-07T14:50:08+00:00\",\"dateModified\":\"2021-10-07T15:19:44+00:00\",\"mainEntityOfPage\":{\"@id\":\"https:\\\/\\\/www.crto.on.ca\\\/uncategorized\\\/national-day-for-truth-and-reconciliation\\\/\"},\"wordCount\":191,\"articleSection\":[\"Members\",\"Public\",\"Students\",\"Uncategorized\"],\"inLanguage\":\"fr-FR\"},{\"@type\":\"WebPage\",\"@id\":\"https:\\\/\\\/www.crto.on.ca\\\/uncategorized\\\/national-day-for-truth-and-reconciliation\\\/\",\"url\":\"https:\\\/\\\/www.crto.on.ca\\\/uncategorized\\\/national-day-for-truth-and-reconciliation\\\/\",\"name\":\"National Day for Truth and Reconciliation - CRTO\",\"isPartOf\":{\"@id\":\"https:\\\/\\\/www.crto.on.ca\\\/#website\"},\"datePublished\":\"2021-10-07T14:50:08+00:00\",\"dateModified\":\"2021-10-07T15:19:44+00:00\",\"author\":{\"@id\":\"https:\\\/\\\/www.crto.on.ca\\\/#\\\/schema\\\/person\\\/dc3237eb17d5a5bafbafe74ead25d175\"},\"breadcrumb\":{\"@id\":\"https:\\\/\\\/www.crto.on.ca\\\/uncategorized\\\/national-day-for-truth-and-reconciliation\\\/#breadcrumb\"},\"inLanguage\":\"fr-FR\",\"potentialAction\":[{\"@type\":\"ReadAction\",\"target\":[\"https:\\\/\\\/www.crto.on.ca\\\/uncategorized\\\/national-day-for-truth-and-reconciliation\\\/\"]}]},{\"@type\":\"BreadcrumbList\",\"@id\":\"https:\\\/\\\/www.crto.on.ca\\\/uncategorized\\\/national-day-for-truth-and-reconciliation\\\/#breadcrumb\",\"itemListElement\":[{\"@type\":\"ListItem\",\"position\":1,\"name\":\"Home\",\"item\":\"https:\\\/\\\/www.crto.on.ca\\\/fr\\\/\"},{\"@type\":\"ListItem\",\"position\":2,\"name\":\"National Day for Truth and Reconciliation\"}]},{\"@type\":\"WebSite\",\"@id\":\"https:\\\/\\\/www.crto.on.ca\\\/#website\",\"url\":\"https:\\\/\\\/www.crto.on.ca\\\/\",\"name\":\"CRTO\",\"description\":\"\",\"potentialAction\":[{\"@type\":\"SearchAction\",\"target\":{\"@type\":\"EntryPoint\",\"urlTemplate\":\"https:\\\/\\\/www.crto.on.ca\\\/?s={search_term_string}\"},\"query-input\":{\"@type\":\"PropertyValueSpecification\",\"valueRequired\":true,\"valueName\":\"search_term_string\"}}],\"inLanguage\":\"fr-FR\"},{\"@type\":\"Person\",\"@id\":\"https:\\\/\\\/www.crto.on.ca\\\/#\\\/schema\\\/person\\\/dc3237eb17d5a5bafbafe74ead25d175\",\"name\":\"Kelly Arndt\",\"image\":{\"@type\":\"ImageObject\",\"inLanguage\":\"fr-FR\",\"@id\":\"https:\\\/\\\/secure.gravatar.com\\\/avatar\\\/96f4de41c11b23feb726f5674c79b65277c7e7a0455f2e5125529277e4f8124c?s=96&d=mm&r=g\",\"url\":\"https:\\\/\\\/secure.gravatar.com\\\/avatar\\\/96f4de41c11b23feb726f5674c79b65277c7e7a0455f2e5125529277e4f8124c?s=96&d=mm&r=g\",\"contentUrl\":\"https:\\\/\\\/secure.gravatar.com\\\/avatar\\\/96f4de41c11b23feb726f5674c79b65277c7e7a0455f2e5125529277e4f8124c?s=96&d=mm&r=g\",\"caption\":\"Kelly Arndt\"},\"sameAs\":[\"http:\\\/\\\/www.crto.on.ca\"]}]}<\/script>\n<!-- \/ Yoast SEO plugin. -->","yoast_head_json":{"title":"National Day for Truth and Reconciliation - CRTO","robots":{"index":"index","follow":"follow","max-snippet":"max-snippet:-1","max-image-preview":"max-image-preview:large","max-video-preview":"max-video-preview:-1"},"canonical":"https:\/\/www.crto.on.ca\/uncategorized\/national-day-for-truth-and-reconciliation\/","twitter_misc":{"\u00c9crit par":"Kelly Arndt","Dur\u00e9e de lecture estim\u00e9e":"1 minute"},"schema":{"@context":"https:\/\/schema.org","@graph":[{"@type":"Article","@id":"https:\/\/www.crto.on.ca\/uncategorized\/national-day-for-truth-and-reconciliation\/#article","isPartOf":{"@id":"https:\/\/www.crto.on.ca\/uncategorized\/national-day-for-truth-and-reconciliation\/"},"author":{"name":"Kelly Arndt","@id":"https:\/\/www.crto.on.ca\/#\/schema\/person\/dc3237eb17d5a5bafbafe74ead25d175"},"headline":"National Day for Truth and Reconciliation","datePublished":"2021-10-07T14:50:08+00:00","dateModified":"2021-10-07T15:19:44+00:00","mainEntityOfPage":{"@id":"https:\/\/www.crto.on.ca\/uncategorized\/national-day-for-truth-and-reconciliation\/"},"wordCount":191,"articleSection":["Members","Public","Students","Uncategorized"],"inLanguage":"fr-FR"},{"@type":"WebPage","@id":"https:\/\/www.crto.on.ca\/uncategorized\/national-day-for-truth-and-reconciliation\/","url":"https:\/\/www.crto.on.ca\/uncategorized\/national-day-for-truth-and-reconciliation\/","name":"National Day for Truth and Reconciliation - CRTO","isPartOf":{"@id":"https:\/\/www.crto.on.ca\/#website"},"datePublished":"2021-10-07T14:50:08+00:00","dateModified":"2021-10-07T15:19:44+00:00","author":{"@id":"https:\/\/www.crto.on.ca\/#\/schema\/person\/dc3237eb17d5a5bafbafe74ead25d175"},"breadcrumb":{"@id":"https:\/\/www.crto.on.ca\/uncategorized\/national-day-for-truth-and-reconciliation\/#breadcrumb"},"inLanguage":"fr-FR","potentialAction":[{"@type":"ReadAction","target":["https:\/\/www.crto.on.ca\/uncategorized\/national-day-for-truth-and-reconciliation\/"]}]},{"@type":"BreadcrumbList","@id":"https:\/\/www.crto.on.ca\/uncategorized\/national-day-for-truth-and-reconciliation\/#breadcrumb","itemListElement":[{"@type":"ListItem","position":1,"name":"Home","item":"https:\/\/www.crto.on.ca\/fr\/"},{"@type":"ListItem","position":2,"name":"National Day for Truth and Reconciliation"}]},{"@type":"WebSite","@id":"https:\/\/www.crto.on.ca\/#website","url":"https:\/\/www.crto.on.ca\/","name":"CRTO","description":"","potentialAction":[{"@type":"SearchAction","target":{"@type":"EntryPoint","urlTemplate":"https:\/\/www.crto.on.ca\/?s={search_term_string}"},"query-input":{"@type":"PropertyValueSpecification","valueRequired":true,"valueName":"search_term_string"}}],"inLanguage":"fr-FR"},{"@type":"Person","@id":"https:\/\/www.crto.on.ca\/#\/schema\/person\/dc3237eb17d5a5bafbafe74ead25d175","name":"Kelly Arndt","image":{"@type":"ImageObject","inLanguage":"fr-FR","@id":"https:\/\/secure.gravatar.com\/avatar\/96f4de41c11b23feb726f5674c79b65277c7e7a0455f2e5125529277e4f8124c?s=96&d=mm&r=g","url":"https:\/\/secure.gravatar.com\/avatar\/96f4de41c11b23feb726f5674c79b65277c7e7a0455f2e5125529277e4f8124c?s=96&d=mm&r=g","contentUrl":"https:\/\/secure.gravatar.com\/avatar\/96f4de41c11b23feb726f5674c79b65277c7e7a0455f2e5125529277e4f8124c?s=96&d=mm&r=g","caption":"Kelly Arndt"},"sameAs":["http:\/\/www.crto.on.ca"]}]}},"_links":{"self":[{"href":"https:\/\/www.crto.on.ca\/fr\/wp-json\/wp\/v2\/posts\/8187","targetHints":{"allow":["GET"]}}],"collection":[{"href":"https:\/\/www.crto.on.ca\/fr\/wp-json\/wp\/v2\/posts"}],"about":[{"href":"https:\/\/www.crto.on.ca\/fr\/wp-json\/wp\/v2\/types\/post"}],"author":[{"embeddable":true,"href":"https:\/\/www.crto.on.ca\/fr\/wp-json\/wp\/v2\/users\/12"}],"replies":[{"embeddable":true,"href":"https:\/\/www.crto.on.ca\/fr\/wp-json\/wp\/v2\/comments?post=8187"}],"version-history":[{"count":2,"href":"https:\/\/www.crto.on.ca\/fr\/wp-json\/wp\/v2\/posts\/8187\/revisions"}],"predecessor-version":[{"id":8189,"href":"https:\/\/www.crto.on.ca\/fr\/wp-json\/wp\/v2\/posts\/8187\/revisions\/8189"}],"wp:attachment":[{"href":"https:\/\/www.crto.on.ca\/fr\/wp-json\/wp\/v2\/media?parent=8187"}],"wp:term":[{"taxonomy":"category","embeddable":true,"href":"https:\/\/www.crto.on.ca\/fr\/wp-json\/wp\/v2\/categories?post=8187"},{"taxonomy":"post_tag","embeddable":true,"href":"https:\/\/www.crto.on.ca\/fr\/wp-json\/wp\/v2\/tags?post=8187"}],"curies":[{"name":"wp","href":"https:\/\/api.w.org\/{rel}","templated":true}]}}